{"id":1318,"date":"2023-01-17T16:45:56","date_gmt":"2023-01-17T15:45:56","guid":{"rendered":"https:\/\/www.edlesobst.at\/?p=1318"},"modified":"2023-01-17T16:51:36","modified_gmt":"2023-01-17T15:51:36","slug":"bratapfel-fruchtaufstrich-190-ml","status":"publish","type":"post","link":"https:\/\/www.edlesobst.at\/?p=1318","title":{"rendered":"Bratapfel Fruchtaufstrich 190 ml"},"content":{"rendered":"<div class=\"wp-block-media-text alignwide is-stacked-on-mobile is-vertically-aligned-top\"><figure class=\"wp-block-media-text__media\"><img loading=\"lazy\" decoding=\"async\" width=\"1024\" height=\"928\" src=\"https:\/\/www.edlesobst.at\/wp-content\/uploads\/2023\/01\/Bratapfel_fruchtaufstrich-1024x928.jpg\" alt=\"\" class=\"wp-image-1322 size-full\" srcset=\"https:\/\/www.edlesobst.at\/wp-content\/uploads\/2023\/01\/Bratapfel_fruchtaufstrich-1024x928.jpg 1024w, https:\/\/www.edlesobst.at\/wp-content\/uploads\/2023\/01\/Bratapfel_fruchtaufstrich-800x725.jpg 800w, https:\/\/www.edlesobst.at\/wp-content\/uploads\/2023\/01\/Bratapfel_fruchtaufstrich-250x227.jpg 250w, https:\/\/www.edlesobst.at\/wp-content\/uploads\/2023\/01\/Bratapfel_fruchtaufstrich-768x696.jpg 768w, https:\/\/www.edlesobst.at\/wp-content\/uploads\/2023\/01\/Bratapfel_fruchtaufstrich-1536x1392.jpg 1536w, https:\/\/www.edlesobst.at\/wp-content\/uploads\/2023\/01\/Bratapfel_fruchtaufstrich-2048x1857.jpg 2048w\" sizes=\"auto, (max-width: 1024px) 100vw, 1024px\" \/><\/figure><div class=\"wp-block-media-text__content\"><p><\/p>\n\n<p><\/p>\n\n<h3 class=\"wp-block-heading\"><strong>Bratapfel Fruchtaufstrich 190 ml<\/strong><\/h3>\n\n<p>Fruchtaufstrich aus naturbelassenen \u00c4pfeln mit Mandeln und Gew\u00fcrzen verfeinert<\/p>\n\n<p>Die S\u00fc\u00dfe der \u00c4pfel vereint mit Vanillenoten, Zimt und Gew\u00fcrznelken ergeben ein intensives Geschmackserlebnis.<\/p>\n\n<p>Die \u00c4pfel f\u00fcr diesen Aufstrich stammen aus unserem Obstgarten an den sonnenverw\u00f6hnten H\u00e4ngen des Wagrams. Sie werden Ende September von uns h\u00e4ndisch geerntet und reifen dann noch ein paar Tage nach, bevor sie von uns verarbeitet werden.<\/p>\n\n<p><\/p>\n\n<hr class=\"wp-block-separator is-style-wide\"\/>\n\n<p class=\"has-text-color\" style=\"color:#9aa2a7\">Artikelnummer : 4081<\/p>\n\n<div class=\"wp-block-columns is-layout-flex wp-container-core-columns-is-layout-1 wp-block-columns-is-layout-flex\"><div class=\"wp-block-column is-layout-flow wp-block-column-is-layout-flow\"><p style=\"font-size:22px\"><\/p>\n\n<p><\/p><\/div>\n\n<div class=\"wp-block-column is-layout-flow wp-block-column-is-layout-flow\"><\/div>\n\n<div class=\"wp-block-column is-layout-flow wp-block-column-is-layout-flow\"><p><\/p><\/div><\/div><\/div><\/div><p>Dieser Fruchtaufstrich schmeckt nicht nur am Fr\u00fchst\u00fccksbrot sehr gut, sondern eignet sich auch hervorragend zum Mischen mit Joghurt oder einfach zum M\u00fcsli dazugeben. Die S\u00fc\u00dfe der \u00c4pfel vereint mit Vanillenoten, Zimt und Gew\u00fcrznelken ergeben ein intensives Geschmackserlebnis.<\/p><figure id=\"product-attribute-specs-table\" class=\"wp-block-table\"><table><tbody><tr><th scope=\"row\"><strong>Zutatenliste<\/strong><\/th><td>\u00c4pfel, Mandeln, Zucker, Gew\u00fcrze, Geliermittel: Pektin<\/td><\/tr><tr><th scope=\"row\"><strong>Lagerhinweis<\/strong><\/th><td>K\u00fchl und lichtgesch\u00fctzt lagern\/ nach dem \u00d6ffnen im K\u00fchlschrank aufbewahren<\/td><\/tr><tr><th scope=\"row\"><strong>EAN Code<\/strong><\/th><td>9120118550028<\/td><\/tr><tr><th scope=\"row\"><strong>Lieferzeit<\/strong><\/th><td>2-3 Werktage<\/td><\/tr><tr><th scope=\"row\"><strong>N\u00e4hrwertkennzeichnung<\/strong><\/th><td>F\u00fcr dieses Produkt ist in \u00d6sterreich keine N\u00e4hrwertkennzeichnung notwendig, da es von einem Kleinproduzenten erzeugt wird<\/td><\/tr><tr><th scope=\"row\"><strong>Produkteigenschaft<\/strong><\/th><td>plastikreduziert verpackt<\/td><\/tr><tr><th scope=\"row\"><strong>Produktmenge<\/strong><\/th><td>190 ml<\/td><\/tr><\/tbody><\/table><\/figure>","protected":false},"excerpt":{"rendered":"<p>Dieser Fruchtaufstrich schmeckt nicht nur am Fr\u00fchst\u00fccksbrot sehr gut, sondern eignet sich auch hervorragend zum Mischen mit Joghurt oder einfach zum M\u00fcsli dazugeben. Die S\u00fc\u00dfe&hellip;<\/p>\n","protected":false},"author":3,"featured_media":1322,"comment_status":"closed","ping_status":"open","sticky":false,"template":"","format":"standard","meta":{"footnotes":""},"categories":[10,129],"tags":[],"class_list":["post-1318","post","type-post","status-publish","format-standard","has-post-thumbnail","hentry","category-marmeladen","category-suesses"],"_links":{"self":[{"href":"https:\/\/www.edlesobst.at\/index.php?rest_route=\/wp\/v2\/posts\/1318","targetHints":{"allow":["GET"]}}],"collection":[{"href":"https:\/\/www.edlesobst.at\/index.php?rest_route=\/wp\/v2\/posts"}],"about":[{"href":"https:\/\/www.edlesobst.at\/index.php?rest_route=\/wp\/v2\/types\/post"}],"author":[{"embeddable":true,"href":"https:\/\/www.edlesobst.at\/index.php?rest_route=\/wp\/v2\/users\/3"}],"replies":[{"embeddable":true,"href":"https:\/\/www.edlesobst.at\/index.php?rest_route=%2Fwp%2Fv2%2Fcomments&post=1318"}],"version-history":[{"count":3,"href":"https:\/\/www.edlesobst.at\/index.php?rest_route=\/wp\/v2\/posts\/1318\/revisions"}],"predecessor-version":[{"id":1342,"href":"https:\/\/www.edlesobst.at\/index.php?rest_route=\/wp\/v2\/posts\/1318\/revisions\/1342"}],"wp:featuredmedia":[{"embeddable":true,"href":"https:\/\/www.edlesobst.at\/index.php?rest_route=\/wp\/v2\/media\/1322"}],"wp:attachment":[{"href":"https:\/\/www.edlesobst.at\/index.php?rest_route=%2Fwp%2Fv2%2Fmedia&parent=1318"}],"wp:term":[{"taxonomy":"category","embeddable":true,"href":"https:\/\/www.edlesobst.at\/index.php?rest_route=%2Fwp%2Fv2%2Fcategories&post=1318"},{"taxonomy":"post_tag","embeddable":true,"href":"https:\/\/www.edlesobst.at\/index.php?rest_route=%2Fwp%2Fv2%2Ftags&post=1318"}],"curies":[{"name":"wp","href":"https:\/\/api.w.org\/{rel}","templated":true}]}}