{"id":1350,"date":"2023-01-17T17:12:21","date_gmt":"2023-01-17T16:12:21","guid":{"rendered":"https:\/\/www.edlesobst.at\/?p=1350"},"modified":"2023-01-17T17:12:25","modified_gmt":"2023-01-17T16:12:25","slug":"uhudlergelee-fruchtaufstrich-190-ml","status":"publish","type":"post","link":"https:\/\/www.edlesobst.at\/?p=1350","title":{"rendered":"Uhudlergelee Fruchtaufstrich 190 ml"},"content":{"rendered":"<div class=\"wp-block-media-text alignwide is-stacked-on-mobile is-vertically-aligned-top\"><figure class=\"wp-block-media-text__media\"><img loading=\"lazy\" decoding=\"async\" width=\"1024\" height=\"928\" src=\"https:\/\/www.edlesobst.at\/wp-content\/uploads\/2023\/01\/Uhudler_gelee-1024x928.jpg\" alt=\"\" class=\"wp-image-1336 size-full\" srcset=\"https:\/\/www.edlesobst.at\/wp-content\/uploads\/2023\/01\/Uhudler_gelee-1024x928.jpg 1024w, https:\/\/www.edlesobst.at\/wp-content\/uploads\/2023\/01\/Uhudler_gelee-800x725.jpg 800w, https:\/\/www.edlesobst.at\/wp-content\/uploads\/2023\/01\/Uhudler_gelee-250x227.jpg 250w, https:\/\/www.edlesobst.at\/wp-content\/uploads\/2023\/01\/Uhudler_gelee-768x696.jpg 768w, https:\/\/www.edlesobst.at\/wp-content\/uploads\/2023\/01\/Uhudler_gelee-1536x1392.jpg 1536w, https:\/\/www.edlesobst.at\/wp-content\/uploads\/2023\/01\/Uhudler_gelee-2048x1857.jpg 2048w\" sizes=\"auto, (max-width: 1024px) 100vw, 1024px\" \/><\/figure><div class=\"wp-block-media-text__content\"><p><\/p>\n\n<p><\/p>\n\n<h3 class=\"wp-block-heading\"><strong>Uhudlergelee Fruchtaufstrich 190 ml<\/strong><\/h3>\n\n<p>Fruchtaufstrich aus Weintrauben <\/p>\n\n<p>Intensiver Traubengeschmack gepaart mit der S\u00fc\u00dfe vollreifer Trauben und der typischen S\u00e4ure der Isabella-Traube ergeben diesen erlesenen Fruchtaufstrich.<\/p>\n\n<p>Die Trauben stammen aus unserem Obstgarten und d\u00fcrfen dort naturbelassen wachsen. Die kr\u00e4ftige Sonne und dem herrlichen Klima des Wagrams ist der herrliche Geschmack dieser Trauben zu verdanken.<\/p>\n\n<hr class=\"wp-block-separator is-style-wide\"\/>\n\n<p class=\"has-text-color\" style=\"color:#9aa2a7\">Artikelnummer : 4051<\/p>\n\n<div class=\"wp-block-columns is-layout-flex wp-container-core-columns-is-layout-1 wp-block-columns-is-layout-flex\"><div class=\"wp-block-column is-layout-flow wp-block-column-is-layout-flow\"><p style=\"font-size:22px\"><\/p>\n\n<p><\/p><\/div>\n\n<div class=\"wp-block-column is-layout-flow wp-block-column-is-layout-flow\"><\/div>\n\n<div class=\"wp-block-column is-layout-flow wp-block-column-is-layout-flow\"><p><\/p><\/div><\/div><\/div><\/div><p>Egal ob aufs Brot, den Striezel, ins Joghurt oder M\u00fcsli, dieser Fruchtaufstrich ist immer ein Genuss. Aber auch als Dip zu einer guten K\u00e4sevariation passt dieses Gelee wunderbar.<\/p><figure id=\"product-attribute-specs-table\" class=\"wp-block-table\"><table><tbody><tr><th scope=\"row\"><strong>Zutatenliste<\/strong><\/th><td>Trauben, Zucker, Geliermittel: Pektin, S\u00e4uerungsmittel: Zitronens\u00e4ure<\/td><\/tr><tr><th scope=\"row\"><strong>Lagerhinweis<\/strong><\/th><td>K\u00fchl und lichtgesch\u00fctzt lagern\/ nach dem \u00d6ffnen im K\u00fchlschrank aufbewahren<\/td><\/tr><tr><th scope=\"row\"><strong>EAN Code<\/strong><\/th><td>9120118550165<\/td><\/tr><tr><th scope=\"row\"><strong>Lieferzeit<\/strong><\/th><td>2-3 Werktage<\/td><\/tr><tr><th scope=\"row\"><strong>N\u00e4hrwertkennzeichnung<\/strong><\/th><td>F\u00fcr dieses Produkt ist in \u00d6sterreich keine N\u00e4hrwertkennzeichnung notwendig, da es von einem Kleinproduzenten erzeugt wird<\/td><\/tr><tr><th scope=\"row\"><strong>Produkteigenschaft<\/strong><\/th><td>plastikreduziert verpackt<\/td><\/tr><tr><th scope=\"row\"><strong>Produktmenge<\/strong><\/th><td>190 ml<\/td><\/tr><\/tbody><\/table><\/figure>","protected":false},"excerpt":{"rendered":"<p>Egal ob aufs Brot, den Striezel, ins Joghurt oder M\u00fcsli, dieser Fruchtaufstrich ist immer ein Genuss. Aber auch als Dip zu einer guten K\u00e4sevariation passt&hellip;<\/p>\n","protected":false},"author":3,"featured_media":1336,"comment_status":"closed","ping_status":"open","sticky":false,"template":"","format":"standard","meta":{"footnotes":""},"categories":[10,129],"tags":[],"class_list":["post-1350","post","type-post","status-publish","format-standard","has-post-thumbnail","hentry","category-marmeladen","category-suesses"],"_links":{"self":[{"href":"https:\/\/www.edlesobst.at\/index.php?rest_route=\/wp\/v2\/posts\/1350","targetHints":{"allow":["GET"]}}],"collection":[{"href":"https:\/\/www.edlesobst.at\/index.php?rest_route=\/wp\/v2\/posts"}],"about":[{"href":"https:\/\/www.edlesobst.at\/index.php?rest_route=\/wp\/v2\/types\/post"}],"author":[{"embeddable":true,"href":"https:\/\/www.edlesobst.at\/index.php?rest_route=\/wp\/v2\/users\/3"}],"replies":[{"embeddable":true,"href":"https:\/\/www.edlesobst.at\/index.php?rest_route=%2Fwp%2Fv2%2Fcomments&post=1350"}],"version-history":[{"count":1,"href":"https:\/\/www.edlesobst.at\/index.php?rest_route=\/wp\/v2\/posts\/1350\/revisions"}],"predecessor-version":[{"id":1351,"href":"https:\/\/www.edlesobst.at\/index.php?rest_route=\/wp\/v2\/posts\/1350\/revisions\/1351"}],"wp:featuredmedia":[{"embeddable":true,"href":"https:\/\/www.edlesobst.at\/index.php?rest_route=\/wp\/v2\/media\/1336"}],"wp:attachment":[{"href":"https:\/\/www.edlesobst.at\/index.php?rest_route=%2Fwp%2Fv2%2Fmedia&parent=1350"}],"wp:term":[{"taxonomy":"category","embeddable":true,"href":"https:\/\/www.edlesobst.at\/index.php?rest_route=%2Fwp%2Fv2%2Fcategories&post=1350"},{"taxonomy":"post_tag","embeddable":true,"href":"https:\/\/www.edlesobst.at\/index.php?rest_route=%2Fwp%2Fv2%2Ftags&post=1350"}],"curies":[{"name":"wp","href":"https:\/\/api.w.org\/{rel}","templated":true}]}}