{"id":431,"date":"2014-12-11T21:08:26","date_gmt":"2014-12-11T20:08:26","guid":{"rendered":"http:\/\/www.edlesobst.at\/?p=431"},"modified":"2021-01-25T14:41:42","modified_gmt":"2021-01-25T13:41:42","slug":"golden-delicious","status":"publish","type":"post","link":"https:\/\/www.edlesobst.at\/?p=431","title":{"rendered":"golden &#038; delicious"},"content":{"rendered":"<div>\n<p><strong>Beschreibung:<\/strong> Im kleinen Eichenfass \u00fcber mehrere Monate gereifter Apfelbrand der Sorte Golden Delicious, der wirklich au\u00dfergew\u00f6hnliche Geschmacksnuancen an den Tag legt. Seine tiefgoldene Farbe verdankt dieser Edelbrand der franz\u00f6sischen Limousin-Eiche, sowie dem feinen Toasting des Fasses.<\/p>\n<p><strong>Verkostnotiz:<\/strong> Duft nach gereiften \u00c4pfel, feine Holzaromatik mit Vanille- und Karamellt\u00f6nen, sowie zartw\u00fcrziger Zimtnote, entfaltet am Gaumen ausdrucksvoll seinen eleganten Geschmack mit langem und gehaltvollem Abgang<\/p>\n<p><strong>Alk.:<\/strong> 43% vol.<\/p>\n<p><strong>Trinktemperatur:<\/strong> 16 \u2013 18\u00b0Celsius<\/p>\n<div id=\"product_nettofuellmenge\">\n<p><strong>Nettof\u00fcllmengen<\/strong>: 0,2 l<\/p>\n<\/div>\n<div id=\"product_allergene\"><strong>Lagerhinweis<\/strong>: k\u00fchl und lichtgesch\u00fctzt lagern<\/div>\n<\/div>\n","protected":false},"excerpt":{"rendered":"<p>Beschreibung: Im kleinen Eichenfass \u00fcber mehrere Monate gereifter Apfelbrand der Sorte Golden Delicious, der wirklich au\u00dfergew\u00f6hnliche Geschmacksnuancen an den Tag legt. Seine tiefgoldene Farbe verdankt&hellip;<\/p>\n","protected":false},"author":3,"featured_media":430,"comment_status":"closed","ping_status":"open","sticky":false,"template":"","format":"standard","meta":{"footnotes":""},"categories":[80,126],"tags":[78,60,76,75,79,77],"class_list":["post-431","post","type-post","status-publish","format-standard","has-post-thumbnail","hentry","category-fassgelagerte-edelbraende","category-klares-angsetzes","tag-apfelbrand","tag-edelbrand","tag-eichenfass-gelagert","tag-golden-delicious","tag-im-fass-gelagert","tag-limousineiche"],"_links":{"self":[{"href":"https:\/\/www.edlesobst.at\/index.php?rest_route=\/wp\/v2\/posts\/431","targetHints":{"allow":["GET"]}}],"collection":[{"href":"https:\/\/www.edlesobst.at\/index.php?rest_route=\/wp\/v2\/posts"}],"about":[{"href":"https:\/\/www.edlesobst.at\/index.php?rest_route=\/wp\/v2\/types\/post"}],"author":[{"embeddable":true,"href":"https:\/\/www.edlesobst.at\/index.php?rest_route=\/wp\/v2\/users\/3"}],"replies":[{"embeddable":true,"href":"https:\/\/www.edlesobst.at\/index.php?rest_route=%2Fwp%2Fv2%2Fcomments&post=431"}],"version-history":[{"count":7,"href":"https:\/\/www.edlesobst.at\/index.php?rest_route=\/wp\/v2\/posts\/431\/revisions"}],"predecessor-version":[{"id":465,"href":"https:\/\/www.edlesobst.at\/index.php?rest_route=\/wp\/v2\/posts\/431\/revisions\/465"}],"wp:featuredmedia":[{"embeddable":true,"href":"https:\/\/www.edlesobst.at\/index.php?rest_route=\/wp\/v2\/media\/430"}],"wp:attachment":[{"href":"https:\/\/www.edlesobst.at\/index.php?rest_route=%2Fwp%2Fv2%2Fmedia&parent=431"}],"wp:term":[{"taxonomy":"category","embeddable":true,"href":"https:\/\/www.edlesobst.at\/index.php?rest_route=%2Fwp%2Fv2%2Fcategories&post=431"},{"taxonomy":"post_tag","embeddable":true,"href":"https:\/\/www.edlesobst.at\/index.php?rest_route=%2Fwp%2Fv2%2Ftags&post=431"}],"curies":[{"name":"wp","href":"https:\/\/api.w.org\/{rel}","templated":true}]}}