{"id":512,"date":"2017-02-02T18:43:49","date_gmt":"2017-02-02T17:43:49","guid":{"rendered":"http:\/\/www.edlesobst.at\/?p=512"},"modified":"2022-02-22T15:16:39","modified_gmt":"2022-02-22T14:16:39","slug":"marillencremelikoer","status":"publish","type":"post","link":"https:\/\/www.edlesobst.at\/?p=512","title":{"rendered":"Marillencremelik\u00f6r"},"content":{"rendered":"<p>F\u00fcr diesen Cremelik\u00f6r verwenden wir die sonnengereiften Marillen aus unserem Garten. Der intensive Fruchtgeschmack, sowie die S\u00fc\u00dfe und feine S\u00e4ure ergeben einen wunderbaren leichten Lik\u00f6r, der sehr gerne als Aperitif getrunken wird, nicht nur pur, sondern auch als Mischgetr\u00e4nk.<\/p>\n<p><strong>Tipp: <\/strong>Geben Sie 2 cl (ein Stamperl) Cremlik\u00f6r in ein Glas Prosecco. Schmeckt einfach wunderbar! <strong><br \/>\n<\/strong><\/p>\n<p><strong>Hinweis: <\/strong>Bitte vor Gebrauch gut aufsch\u00fctteln!<\/p>\n<div id=\"product_nettofuellmenge\">\n<p><strong>Nettof\u00fcllmengen<\/strong>: 0,2 l oder 0,35l oder 0,5l<\/p>\n<\/div>\n<div id=\"product_allergene\"><strong>Lagerhinweis<\/strong>: k\u00fchl und lichtgesch\u00fctzt lagern<\/div>\n","protected":false},"excerpt":{"rendered":"<p>F\u00fcr diesen Cremelik\u00f6r verwenden wir die sonnengereiften Marillen aus unserem Garten. Der intensive Fruchtgeschmack, sowie die S\u00fc\u00dfe und feine S\u00e4ure ergeben einen wunderbaren leichten Lik\u00f6r,&hellip;<\/p>\n","protected":false},"author":3,"featured_media":263,"comment_status":"closed","ping_status":"open","sticky":false,"template":"","format":"standard","meta":{"footnotes":""},"categories":[126,9],"tags":[44,22,97,98],"class_list":["post-512","post","type-post","status-publish","format-standard","has-post-thumbnail","hentry","category-klares-angsetzes","category-likoere","tag-ansatzlikoer","tag-likoer","tag-marille","tag-marillencreme"],"_links":{"self":[{"href":"https:\/\/www.edlesobst.at\/index.php?rest_route=\/wp\/v2\/posts\/512","targetHints":{"allow":["GET"]}}],"collection":[{"href":"https:\/\/www.edlesobst.at\/index.php?rest_route=\/wp\/v2\/posts"}],"about":[{"href":"https:\/\/www.edlesobst.at\/index.php?rest_route=\/wp\/v2\/types\/post"}],"author":[{"embeddable":true,"href":"https:\/\/www.edlesobst.at\/index.php?rest_route=\/wp\/v2\/users\/3"}],"replies":[{"embeddable":true,"href":"https:\/\/www.edlesobst.at\/index.php?rest_route=%2Fwp%2Fv2%2Fcomments&post=512"}],"version-history":[{"count":1,"href":"https:\/\/www.edlesobst.at\/index.php?rest_route=\/wp\/v2\/posts\/512\/revisions"}],"predecessor-version":[{"id":513,"href":"https:\/\/www.edlesobst.at\/index.php?rest_route=\/wp\/v2\/posts\/512\/revisions\/513"}],"wp:featuredmedia":[{"embeddable":true,"href":"https:\/\/www.edlesobst.at\/index.php?rest_route=\/wp\/v2\/media\/263"}],"wp:attachment":[{"href":"https:\/\/www.edlesobst.at\/index.php?rest_route=%2Fwp%2Fv2%2Fmedia&parent=512"}],"wp:term":[{"taxonomy":"category","embeddable":true,"href":"https:\/\/www.edlesobst.at\/index.php?rest_route=%2Fwp%2Fv2%2Fcategories&post=512"},{"taxonomy":"post_tag","embeddable":true,"href":"https:\/\/www.edlesobst.at\/index.php?rest_route=%2Fwp%2Fv2%2Ftags&post=512"}],"curies":[{"name":"wp","href":"https:\/\/api.w.org\/{rel}","templated":true}]}}